{"id":3551,"date":"2025-04-14T09:19:16","date_gmt":"2025-04-14T08:19:16","guid":{"rendered":"https:\/\/www.gb5.nl\/?p=3551"},"modified":"2025-04-14T09:30:58","modified_gmt":"2025-04-14T08:30:58","slug":"jose-jonkers-installeert-eerste-werk-voor-zomerexpositie-2025","status":"publish","type":"post","link":"https:\/\/www.gb5.nl\/?p=3551","title":{"rendered":"Jos\u00e9 Jonkers installeert eerste werk voor Zomerexpositie 2025"},"content":{"rendered":"\n<p>Kunstenaar Jos\u00e9 Jonkers is dit jaar opnieuw te zien tijdens de Zomerexpositie bij GB5. Voor de tweede keer neemt zij deel aan de tentoonstelling, en inmiddels heeft zij haar eerste werk ge\u00efnstalleerd. Het betreft \u00e9\u00e9n van de vier werken waarmee zij dit jaar vertegenwoordigd is.<\/p>\n\n\n\n<figure class=\"wp-block-image size-large is-resized\"><img decoding=\"async\" loading=\"lazy\" src=\"https:\/\/www.gb5.nl\/wp-content\/uploads\/2025\/04\/Afbeelding-van-WhatsApp-op-2025-04-14-om-10.14.34_0b0dba17-1024x768.jpg\" alt=\"\" class=\"wp-image-3554\" width=\"740\" height=\"555\" srcset=\"https:\/\/www.gb5.nl\/wp-content\/uploads\/2025\/04\/Afbeelding-van-WhatsApp-op-2025-04-14-om-10.14.34_0b0dba17-1024x768.jpg 1024w, https:\/\/www.gb5.nl\/wp-content\/uploads\/2025\/04\/Afbeelding-van-WhatsApp-op-2025-04-14-om-10.14.34_0b0dba17-302x227.jpg 302w, https:\/\/www.gb5.nl\/wp-content\/uploads\/2025\/04\/Afbeelding-van-WhatsApp-op-2025-04-14-om-10.14.34_0b0dba17-768x576.jpg 768w, https:\/\/www.gb5.nl\/wp-content\/uploads\/2025\/04\/Afbeelding-van-WhatsApp-op-2025-04-14-om-10.14.34_0b0dba17-1536x1152.jpg 1536w, https:\/\/www.gb5.nl\/wp-content\/uploads\/2025\/04\/Afbeelding-van-WhatsApp-op-2025-04-14-om-10.14.34_0b0dba17-275x206.jpg 275w, https:\/\/www.gb5.nl\/wp-content\/uploads\/2025\/04\/Afbeelding-van-WhatsApp-op-2025-04-14-om-10.14.34_0b0dba17-135x101.jpg 135w, https:\/\/www.gb5.nl\/wp-content\/uploads\/2025\/04\/Afbeelding-van-WhatsApp-op-2025-04-14-om-10.14.34_0b0dba17-485x364.jpg 485w, https:\/\/www.gb5.nl\/wp-content\/uploads\/2025\/04\/Afbeelding-van-WhatsApp-op-2025-04-14-om-10.14.34_0b0dba17-660x495.jpg 660w, https:\/\/www.gb5.nl\/wp-content\/uploads\/2025\/04\/Afbeelding-van-WhatsApp-op-2025-04-14-om-10.14.34_0b0dba17.jpg 2048w\" sizes=\"(max-width: 740px) 100vw, 740px\" \/><\/figure>\n","protected":false},"excerpt":{"rendered":"<p>Kunstenaar Jos\u00e9 Jonkers is dit jaar opnieuw te zien tijdens de Zomerexpositie bij GB5. Voor de tweede keer &#8230;<a href=\"https:\/\/www.gb5.nl\/?p=3551\" class=\"read-more\">Continue Reading<\/a><\/p>\n","protected":false},"author":4,"featured_media":0,"comment_status":"closed","ping_status":"closed","sticky":false,"template":"","format":"standard","meta":[],"categories":[3],"tags":[],"_links":{"self":[{"href":"https:\/\/www.gb5.nl\/index.php?rest_route=\/wp\/v2\/posts\/3551"}],"collection":[{"href":"https:\/\/www.gb5.nl\/index.php?rest_route=\/wp\/v2\/posts"}],"about":[{"href":"https:\/\/www.gb5.nl\/index.php?rest_route=\/wp\/v2\/types\/post"}],"author":[{"embeddable":true,"href":"https:\/\/www.gb5.nl\/index.php?rest_route=\/wp\/v2\/users\/4"}],"replies":[{"embeddable":true,"href":"https:\/\/www.gb5.nl\/index.php?rest_route=%2Fwp%2Fv2%2Fcomments&post=3551"}],"version-history":[{"count":3,"href":"https:\/\/www.gb5.nl\/index.php?rest_route=\/wp\/v2\/posts\/3551\/revisions"}],"predecessor-version":[{"id":3556,"href":"https:\/\/www.gb5.nl\/index.php?rest_route=\/wp\/v2\/posts\/3551\/revisions\/3556"}],"wp:attachment":[{"href":"https:\/\/www.gb5.nl\/index.php?rest_route=%2Fwp%2Fv2%2Fmedia&parent=3551"}],"wp:term":[{"taxonomy":"category","embeddable":true,"href":"https:\/\/www.gb5.nl\/index.php?rest_route=%2Fwp%2Fv2%2Fcategories&post=3551"},{"taxonomy":"post_tag","embeddable":true,"href":"https:\/\/www.gb5.nl\/index.php?rest_route=%2Fwp%2Fv2%2Ftags&post=3551"}],"curies":[{"name":"wp","href":"https:\/\/api.w.org\/{rel}","templated":true}]}}